{"dados":[{"titulo":"REGISTRO DE PRE\u00c7OS AQUISI\u00c7\u00c3O DE UTENSILIOS DE COZINHA E COPA NE-CESS\u00c1RIOS AS SECRETARIAS MUNICIPAIS. A AQUISI\u00c7\u00c3O VISA ATENDER A DEMANDA DOS DIVERSOS SETORES DESTA ADMINISTRA\u00c7\u00c3O, CONSTITUINDO UTENSILIOS DE COZINHA E COPA DAS ESCOLAS, POSTOS DE SA\u00daDE E DEMAIS PR\u00c9DIOS P\u00daBLICOS MUNICIPAIS, PRODUTOS ESTES QUE SER\u00c3O DISTRIBU\u00cdDOS PARA TODAS AS SECRETARIAS DA PREFEI-TURA MUNICIPAL DE C","dataAtualizacao":"2026-04-24 09:43:26","dataPostagem":"2026-05-14 09:00:00","dataRealizacao":"2026-04-22 17:00:00","numeroEdital":0,"numeroProcesso":47,"modalidade":"Preg\u00e3o Eletr\u00f4nico","situacao":"Aberto","descricao":"<br \/>\r\n<strong><span style=\"font-family:times new roman,serif\">REGISTRO DE PRE&Ccedil;OS AQUISI&Ccedil;&Atilde;O DE UTENSILIOS DE COZINHA E COPA NECESS&Aacute;RIOS AS SECRETARIAS MUNICIPAIS. A AQUISI&Ccedil;&Atilde;O VISA ATENDER A DEMANDA DOS DIVERSOS SETORES DESTA ADMINISTRA&Ccedil;&Atilde;O, CONSTITUINDO UTENSILIOS DE COZINHA E COPA DAS ESCOLAS,<\/span><\/strong><br \/>\r\n<strong><span style=\"font-family:times new roman,serif; font-size:11.0pt; line-height:115%; mso-ansi-language:PT-BR; mso-bidi-language:AR-SA; mso-fareast-font-family:Calibri; mso-fareast-language:EN-US; mso-fareast-theme-font:minor-latin; mso-font-kerning:0pt\">POSTOS DE SA&Uacute;DE E DEMAIS PR&Eacute;DIOS P&Uacute;BLICOS MUNICIPAIS, PRODUTOS ESTES QUE SER&Atilde;O DISTRIBU&Iacute;DOS PARA TODAS AS SECRETARIAS DA PREFEITURA MUNICIPAL DE CRUCIL&Acirc;NDIA PARA MANUTEN&Ccedil;&Atilde;O DE SUAS ATIVIDADES<\/span><\/strong>"},{"titulo":"CONTRATA\u00c7\u00c3O DE EMPRESA PARA A PRESTA\u00c7\u00c3O DE SERVI\u00c7OS E ARBITRAGEM ESPORTI-VA ADULTO E INFANTIL, NAS MODALIDADES FUTEBOL DE CAMPO, FUTSAL, PARA ATEN-DER O CRONOGRAMA ESPORTIVO DO MUNIC\u00cdPIO DE CRUCIL\u00c2NDIA\/MG","dataAtualizacao":"2026-04-24 15:57:02","dataPostagem":"2026-05-13 09:30:00","dataRealizacao":"2026-04-23 17:00:00","numeroEdital":0,"numeroProcesso":48,"modalidade":"Preg\u00e3o Eletr\u00f4nico","situacao":"Aberto","descricao":"<strong><span style=\"font-family:times new roman,serif; font-size:10.0pt; line-height:115%; mso-ansi-language:PT-BR; mso-bidi-language:AR-SA; mso-fareast-font-family:Calibri; mso-fareast-language:EN-US; mso-fareast-theme-font:minor-latin; mso-font-kerning:0pt\">CONTRATA&Ccedil;&Atilde;O DE EMPRESA PARA A PRESTA&Ccedil;&Atilde;O DE SERVI&Ccedil;OS E ARBITRAGEM ESPORTIVA ADULTO E INFANTIL, NAS MODALIDADES FUTEBOL DE CAMPO, FUTSAL, PARA ATENDER O CRONOGRAMA ESPORTIVO DO MUNIC&Iacute;PIO DE CRUCIL&Acirc;NDIA\/MG<\/span><\/strong>"},{"titulo":"REGISTRAR PRE\u00c7OS PARA FUTURA E EVENTUAL CONTRATA\u00c7\u00c3O DE EMPRE-SA ESPECIALIZADA NA PRESTA\u00c7\u00c3O DE SERVI\u00c7OS DE RECARGA DE CARTU-CHOS E TONERS, SOB DEMANDA, VISANDO ATENDER \u00c0S NECESSIDADES DAS SECRETARIAS MUNICIPAIS","dataAtualizacao":"2026-04-24 09:39:39","dataPostagem":"2026-05-12 09:00:00","dataRealizacao":"2026-04-23 17:00:00","numeroEdital":0,"numeroProcesso":46,"modalidade":"Preg\u00e3o Eletr\u00f4nico","situacao":"Aberto","descricao":"<strong>REGISTRAR PRE&Ccedil;OS PARA FUTURA E EVENTUAL CONTRATA&Ccedil;&Atilde;O DE EMPRESA ESPECIALIZADA NA PRESTA&Ccedil;&Atilde;O DE SERVI&Ccedil;OS DE RECARGA DE CARTUCHOS E TONERS, SOB DEMANDA, VISANDO ATENDER &Agrave;S NECESSIDADES DAS SECRETARIAS MUNICIPAIS<\/strong>"},{"titulo":"CONTRATA\u00c7\u00c3O DE EMPRESAS ESPECIALIZADAS PARA PRESTA\u00c7\u00c3O DE SER-VI\u00c7OS DE CONFEC\u00c7\u00c3O DE MATERIAL GR\u00c1FICO PARA ATENDIMENTO DAS DEMANDAS DA SECRETARIA MUNICIPAL DE SA\u00daDE","dataAtualizacao":"2026-04-24 09:39:18","dataPostagem":"2026-05-07 09:00:00","dataRealizacao":"2026-04-23 17:00:00","numeroEdital":0,"numeroProcesso":45,"modalidade":"Preg\u00e3o Eletr\u00f4nico","situacao":"Aberto","descricao":"<strong>CONTRATA&Ccedil;&Atilde;O DE EMPRESAS ESPECIALIZADAS PARA PRESTA&Ccedil;&Atilde;O DE SERVI&Ccedil;OS DE CONFEC&Ccedil;&Atilde;O DE MATERIAL GR&Aacute;FICO PARA ATENDIMENTO DAS DEMANDAS DA SECRETARIA MUNICIPAL DE SA&Uacute;DE<\/strong>"},{"titulo":"CREDENCIAMENTO PARA CONTRATA\u00c7\u00c3O DE SERVI\u00c7O DE TRANSPORTE DE PASSAGEIRO MEDIANTE TAXI, POR MEIO DE PERMISSION\u00c1RIO PARA ATENDER AS NECESSIDADES DAS SECRETARIAS MUNICIPAIS","dataAtualizacao":"2026-04-24 14:04:13","dataPostagem":"2026-04-28 09:00:00","dataRealizacao":"2026-04-23 17:00:00","numeroEdital":0,"numeroProcesso":44,"modalidade":"Credenciamento","situacao":"Em Andamento","descricao":"<strong><span style=\"font-family:bookman old style,serif; font-size:11.0pt; line-height:115%; mso-ansi-language:PT-BR; mso-bidi-font-family:Arial; mso-bidi-language:AR-SA; mso-fareast-font-family:Calibri; mso-fareast-language:EN-US; mso-fareast-theme-font:minor-latin; mso-font-kerning:0pt; mso-ligatures:none\">CREDENCIAMENTO <span style=\"color:black\">PARA CONTRATA&Ccedil;&Atilde;O DE SERVI&Ccedil;O DE TRANSPORTE DE PASSAGEIRO MEDIANTE TAXI, POR MEIO DE PERMISSION&Aacute;RIO PARA ATENDER AS NECESSIDADES DAS SECRETARIAS MUNICIPAIS<\/span><\/span><\/strong>"},{"titulo":"AQUISI\u00c7\u00c3O DE MUDAS PARA PLANTIO EM PRA\u00c7AS, PARQUES E JARDINS DO MUNIC\u00cdPIO.","dataAtualizacao":"2026-04-17 10:13:29","dataPostagem":"2026-04-27 09:00:00","dataRealizacao":"2026-04-16 17:00:00","numeroEdital":0,"numeroProcesso":42,"modalidade":"Dispensa de Licita\u00e7\u00e3o","situacao":"Aberto","descricao":"<strong>AQUISI&Ccedil;&Atilde;O DE MUDAS PARA PLANTIO EM PRA&Ccedil;AS, PARQUES E JARDINS DO MUNIC&Iacute;PIO<\/strong>"},{"titulo":"credenciamento de pessoas f\u00edsicas e jur\u00eddicas para presta\u00e7\u00e3o de servi\u00e7os m\u00e9dicos na especialidade cl\u00ednica geral, destinados ao atendimento dos usu\u00e1rios do SUS no Centro Unificado de Sa\u00fade do Munic\u00edpio de Crucil\u00e2ndia\/MG","dataAtualizacao":"2026-04-24 13:57:20","dataPostagem":"2026-04-27 09:00:00","dataRealizacao":"2026-04-22 17:00:00","numeroEdital":0,"numeroProcesso":43,"modalidade":"Credenciamento","situacao":"Em Andamento","descricao":"<strong><span style=\"font-family:bookman old style,serif; font-size:11.0pt; line-height:115%; mso-ansi-language:PT-BR; mso-bidi-font-family:Arial; mso-bidi-language:AR-SA; mso-fareast-font-family:Calibri; mso-fareast-language:EN-US; mso-fareast-theme-font:minor-latin; mso-font-kerning:0pt; mso-ligatures:none\">credenciamento de pessoas f&iacute;sicas e jur&iacute;dicas para presta&ccedil;&atilde;o de servi&ccedil;os m&eacute;dicos na especialidade cl&iacute;nica geral, destinados ao atendimento dos usu&aacute;rios do SUS no Centro Unificado de Sa&uacute;de do Munic&iacute;pio de Crucil&acirc;ndia\/MG.<\/span><\/strong>"},{"titulo":"bens m\u00f3veis inserv\u00edveis, pertencentes \u00e0 Prefeitura Municipal de Crucil\u00e2ndia\/MG","dataAtualizacao":"2026-03-27 15:39:09","dataPostagem":"2026-04-24 10:00:00","dataRealizacao":"2026-03-26 17:00:00","numeroEdital":0,"numeroProcesso":37,"modalidade":"Leil\u00e3o - Eletr\u00f4nico","situacao":"Conclu\u00eddo","descricao":"<span style=\"font-family:arial,sans-serif; font-size:11.0pt; mso-ansi-language:PT-BR; mso-bidi-language:AR-SA; mso-fareast-font-family:&quot;Arial MT&quot;; mso-fareast-language:EN-US\">bens m&oacute;veis inserv&iacute;veis, pertencentes &agrave; Prefeitura Municipal de Crucil&acirc;ndia\/MG<\/span>"},{"titulo":"CONTRATA\u00c7\u00c3O DE EMPRESA ESPECIALIZADA PARA LOCA\u00c7\u00c3O DE ESTRUTURA, EQUIPAMENTO DE SOM E ILUMINA\u00c7\u00c3O, BANHEIROS QU\u00cdMICOS, GERADOR E OUTROS PARA O \u201c20\u00ba CAIPBANDA E 4\u00ba FESTIVAL DE GASTRONOMIA JUNTO E MISTURADO&quot; DE CRUCIL\u00c2NDIA\u201d A SER REALIZADO NA PRA\u00c7A P\u00daBLICA \u201cDOM SILV\u00c9RIO\u201d NOS DIAS 05, 06 E 07 DE JUNHO DE 2026","dataAtualizacao":"2026-04-28 10:52:39","dataPostagem":"2026-04-24 09:00:00","dataRealizacao":"2026-04-09 17:00:00","numeroEdital":0,"numeroProcesso":41,"modalidade":"Preg\u00e3o Eletr\u00f4nico","situacao":"Aberto","descricao":"<strong>CONTRATA&Ccedil;&Atilde;O DE EMPRESA ESPECIALIZADA PARA LOCA&Ccedil;&Atilde;O DE ESTRUTURA, EQUIPAMENTO DE SOM E ILUMINA&Ccedil;&Atilde;O, BANHEIROS QU&Iacute;MICOS, GERADOR E OUTROS PARA O &ldquo;20&ordm; CAIPBANDA E 4&ordm; FESTIVAL DE GASTRONOMIA JUNTO E MISTURADO&quot; DE CRUCIL&Acirc;NDIA&rdquo; A SER REALIZADO NA PRA&Ccedil;A P&Uacute;BLICA &ldquo;DOM SILV&Eacute;RIO&rdquo; NOS DIAS 05, 06 E 07 DE JUNHO DE 2026<\/strong>"},{"titulo":"REGISTRO DE PRE\u00c7OS PARA FUTURA E EVENTUAL CONTRATA\u00c7\u00c3O DE EMPRESA ESPECIALIZADA EXCLUSIVAMENTE PARA FORNECIMENTO, MONTAGEM E DESMONTAGEM DA ESTRUTURA NECESS\u00c1RIA, SENDO A EXECU\u00c7\u00c3O E COORDENA\u00c7\u00c3O GERAL DO EVENTO REALIZADA PELA EQUIPE DA PR\u00d3PRIA PREFEITURA","dataAtualizacao":"2026-04-24 13:34:51","dataPostagem":"2026-04-14 09:00:00","dataRealizacao":"2026-03-27 17:00:00","numeroEdital":0,"numeroProcesso":39,"modalidade":"Preg\u00e3o Eletr\u00f4nico","situacao":"Homologado","descricao":"<strong>REGISTRO DE PRE&Ccedil;OS PARA FUTURA E EVENTUAL CONTRATA&Ccedil;&Atilde;O DE EMPRESA ESPECIALIZADA EXCLUSIVAMENTE PARA FORNECIMENTO, MONTAGEM E DESMONTAGEM DA ESTRUTURA NECESS&Aacute;RIA, SENDO A EXECU&Ccedil;&Atilde;O E COORDENA&Ccedil;&Atilde;O GERAL DO EVENTO REALIZADA PELA EQUIPE DA PR&Oacute;PRIA PREFEITURA<\/strong>"},{"titulo":"CONTRATA\u00c7\u00c3O DE EMPRESA ESPECIALIZADA PARA PRESTA\u00c7\u00c3O DE SERVI\u00c7O DE MANUTEN\u00c7\u00c3O PREVENTIVA E CORRETIVA EM ILUMINA\u00c7\u00c3O P\u00daBLICA LED, VME, VSO \u2013 SUBSTITUI\u00c7\u00c3O DE COMPONENTES (REL\u00c9 FOTOEL\u00c9TRICO, CONEX\u00d5ES). POR PONTO EXECUTADO (MANUTENIDO","dataAtualizacao":"2026-04-24 13:42:28","dataPostagem":"2026-04-07 09:00:00","dataRealizacao":"2026-03-19 17:00:00","numeroEdital":0,"numeroProcesso":36,"modalidade":"Dispensa de Licita\u00e7\u00e3o","situacao":"Ratificada","descricao":"<strong>CONTRATA&Ccedil;&Atilde;O DE EMPRESA ESPECIALIZADA PARA PRESTA&Ccedil;&Atilde;O DE SERVI&Ccedil;O DE MANUTEN&Ccedil;&Atilde;O PREVENTIVA E CORRETIVA EM ILUMINA&Ccedil;&Atilde;O P&Uacute;BLICA LED, VME, VSO &ndash; SUBSTITUI&Ccedil;&Atilde;O DE COMPONENTES (REL&Eacute; FOTOEL&Eacute;TRICO, CONEX&Otilde;ES). POR PONTO EXECUTADO (MANUTENIDO<\/strong>"},{"titulo":"sele\u00e7\u00e3o de projetos culturais para receberem apoio financeiro nas categorias descritas no Anexo I, com o objetivo de incentivar as diversas formas de manifesta\u00e7\u00f5es culturais do munic\u00edpio de Crucil\u00e2ndia.","dataAtualizacao":"2026-04-16 16:49:47","dataPostagem":"2026-04-06 16:00:00","dataRealizacao":"2026-03-26 17:00:00","numeroEdital":0,"numeroProcesso":1,"modalidade":"Chamamento P\u00fablico","situacao":"Homologado","descricao":"<span style=\"color:black; font-family:aptos,sans-serif; font-size:11.0pt; line-height:107%; mso-ansi-language:PT-BR; mso-ascii-theme-font:minor-latin; mso-bidi-font-family:Aptos; mso-bidi-language:AR-SA; mso-bidi-theme-font:minor-latin; mso-fareast-font-family:Calibri; mso-fareast-language:PT-BR; mso-font-kerning:0pt; mso-hansi-theme-font:minor-latin; mso-ligatures:none\">sele&ccedil;&atilde;o de projetos culturais para receberem apoio financeiro nas categorias descritas no Anexo I, com o objetivo de incentivar as diversas formas de manifesta&ccedil;&otilde;es culturais do munic&iacute;pio de Crucil&acirc;ndia.<\/span>"},{"titulo":"credenciamento de cl\u00ednicas veterin\u00e1rias para a presta\u00e7\u00e3o de servi\u00e7os em c\u00e3es e gatos de pequeno porte, m\u00e9dio e grande porte com microchipagem, servi\u00e7o de avalia\u00e7\u00e3o cl\u00ednica e orienta\u00e7\u00f5es dos cuidados pr\u00e9-cir\u00fargicos, pequenas cirurgias e servi\u00e7o de interna\u00e7\u00e3o para p\u00f3s-operat\u00f3rio, exames, servi\u00e7os de resgate e ces\u00e1rea, cujo credenciamento e presta\u00e7\u00e3o de servi\u00e7os dever\u00e3o se dar em ","dataAtualizacao":"2026-04-24 13:44:34","dataPostagem":"2026-03-30 09:00:00","dataRealizacao":"2026-03-26 17:00:00","numeroEdital":0,"numeroProcesso":38,"modalidade":"Credenciamento","situacao":"Ratificada","descricao":"<strong><span style=\"font-family:bookman old style,serif; font-size:11.0pt; line-height:115%; mso-ansi-language:PT-BR; mso-bidi-font-family:Arial; mso-bidi-language:AR-SA; mso-fareast-font-family:Calibri; mso-fareast-language:EN-US; mso-fareast-theme-font:minor-latin; mso-font-kerning:0pt; mso-ligatures:none\">credenciamento de cl&iacute;nicas veterin&aacute;rias para a presta&ccedil;&atilde;o de servi&ccedil;os em c&atilde;es e gatos de pequeno porte, m&eacute;dio e grande porte com microchipagem, servi&ccedil;o de avalia&ccedil;&atilde;o cl&iacute;nica e orienta&ccedil;&otilde;es dos cuidados pr&eacute;-cir&uacute;rgicos, pequenas cirurgias e servi&ccedil;o de interna&ccedil;&atilde;o para p&oacute;s-operat&oacute;rio, exames, servi&ccedil;os de resgate e ces&aacute;rea, cujo credenciamento e presta&ccedil;&atilde;o de servi&ccedil;os dever&atilde;o se dar em conformidade com as normas estabelecidas neste edital e seus anexos. Os servi&ccedil;os ser&atilde;o prestados com o objetivo de garantir assist&ecirc;ncia t&eacute;cnica especializada voltada &agrave; promo&ccedil;&atilde;o da sa&uacute;de animal, ao controle sanit&aacute;rio e &agrave; prote&ccedil;&atilde;o da sa&uacute;de p&uacute;blica, em conformidade com as normas legais e sanit&aacute;rias vigentes<\/span><\/strong>"},{"titulo":"AQUISI\u00c7\u00c3O DE G\u00caNEROS ALIMENT\u00cdCIOS DIRETAMENTE DE AGRICULTURA FAMILIAR PARA ALIMENTA\u00c7\u00c3O ESCOLAR DURANTE O ANO LETIVO DE 2026 DESTINADO \u00c0 COMPLEMENTA\u00c7\u00c3O DO CARD\u00c1PIO, ATENDENDO AS NECESSIDADES NUTRICIONAIS PREVISTAS PELO PROGRAMA NACIONAL DE ALIMENTA\u00c7\u00c3O ESCOLAR (PNAE) PARA ATENDER AS DEMANDAS DA SECRETARIA MUNICIPAL DE EDUCA\u00c7\u00c3O DE CRUCIL\u00c2NDIA\/MG","dataAtualizacao":"2026-04-14 14:53:17","dataPostagem":"2026-03-26 10:00:00","dataRealizacao":"2026-02-24 17:00:00","numeroEdital":0,"numeroProcesso":22,"modalidade":"Chamamento P\u00fablico","situacao":"Ratificada","descricao":"<strong>AQUISI&Ccedil;&Atilde;O DE G&Ecirc;NEROS ALIMENT&Iacute;CIOS DIRETAMENTE DE AGRICULTURA FAMILIAR PARA ALIMENTA&Ccedil;&Atilde;O ESCOLAR DURANTE O ANO LETIVO DE 2026 DESTINADO &Agrave; COMPLEMENTA&Ccedil;&Atilde;O DO CARD&Aacute;PIO, ATENDENDO AS NECESSIDADES NUTRICIONAIS PREVISTAS PELO PROGRAMA NACIONAL DE ALIMENTA&Ccedil;&Atilde;O ESCOLAR (PNAE) PARA ATENDER AS DEMANDAS DA SECRETARIA MUNICIPAL DE EDUCA&Ccedil;&Atilde;O DE CRUCIL&Acirc;NDIA\/MG<\/strong>"},{"titulo":"REGISTRO DE PRE\u00c7OS PARA FUTURA E PROV\u00c1VEL, AQUISI\u00c7\u00c3O DE PEDRAS, PARA MANUTEN\u00c7\u00c3O DE ESTRADAS VICINAIS E VIAS P\u00daBLICAS DO MUNIC\u00cd-PIO DE CRUCIL\u00c2NDIA","dataAtualizacao":"2026-04-14 15:18:36","dataPostagem":"2026-03-25 09:00:00","dataRealizacao":"2026-03-04 17:00:00","numeroEdital":0,"numeroProcesso":28,"modalidade":"Preg\u00e3o Eletr\u00f4nico","situacao":"Homologado","descricao":"<strong>REGISTRO DE PRE&Ccedil;OS PARA FUTURA E PROV&Aacute;VEL, AQUISI&Ccedil;&Atilde;O DE PEDRAS, PARA MANUTEN&Ccedil;&Atilde;O DE ESTRADAS VICINAIS E VIAS P&Uacute;BLICAS DO MUNIC&Iacute;PIO DE CRUCIL&Acirc;NDIA<\/strong>"},{"titulo":"CONTRATA\u00c7\u00c3O DE EMPRESA PARA PRESTA\u00c7\u00c3O DE SERVI\u00c7O ESPECIALIZADO DE MANUTEN\u00c7\u00c3O PREVENTIVA E CORRETIVA EM EQUIPAMENTOS LABORATORIAIS, COM FORNECIMENTO\/REPOSI\u00c7\u00c3O DE PE\u00c7AS, EM ATENDIMENTO \u00c0 SOLICITA\u00c7\u00c3O DA SECRETARIA MUNICIPAL DE SA\u00daDE DO MUNIC\u00cdPIO DE CRUCIL\u00c2NDIA-MG","dataAtualizacao":"2026-04-14 14:57:31","dataPostagem":"2026-03-24 09:00:00","dataRealizacao":"2026-03-09 17:00:00","numeroEdital":0,"numeroProcesso":29,"modalidade":"Preg\u00e3o Eletr\u00f4nico","situacao":"Homologado","descricao":"<strong>CONTRATA&Ccedil;&Atilde;O DE EMPRESA PARA PRESTA&Ccedil;&Atilde;O DE SERVI&Ccedil;O ESPECIALIZADO DE MANUTEN&Ccedil;&Atilde;O PREVENTIVA E CORRETIVA EM EQUIPAMENTOS LABORATORIAIS, COM FORNECIMENTO\/REPOSI&Ccedil;&Atilde;O DE PE&Ccedil;AS, EM ATENDIMENTO &Agrave; SOLICITA&Ccedil;&Atilde;O DA SECRETARIA MUNICIPAL DE SA&Uacute;DE DO MUNIC&Iacute;PIO DE CRUCIL&Acirc;NDIA-MG<\/strong>"},{"titulo":"CONTRATA\u00c7\u00c3O DE EMPRESA ESPECIALIZADA PARA RECAPAGEM\/RECAUCHUTAGEM DE PNEUS DA FROTA MUNICIPAL","dataAtualizacao":"2026-04-24 14:05:33","dataPostagem":"2026-03-23 14:00:00","dataRealizacao":"2026-03-18 17:00:00","numeroEdital":0,"numeroProcesso":35,"modalidade":"Dispensa","situacao":"Ratificada","descricao":"<a name=\"_Hlk224731820\"><strong>CONTRATA&Ccedil;&Atilde;O DE EMPRESA ESPECIALIZADA PARA RECAPAGEM\/RECAUCHUTAGEM DE PNEUS DA FROTA MUNICIPAL<\/strong><\/a>"},{"titulo":"Contrata\u00e7\u00e3o de show art\u00edstico do cantor Filipe Ret, para apresenta\u00e7\u00e3o no dia 06\/06\/2026 nas festividades da \u201cXX CaipBanda e IV Festival Gastron\u00f4mico de Crucil\u00e2ndia\u201d a ser realizado na Pra\u00e7a Dom Silv\u00e9rio em Crucil\u00e2ndia\/MG","dataAtualizacao":"2026-03-26 09:56:31","dataPostagem":"2026-03-18 10:00:00","dataRealizacao":"2026-03-24 17:00:00","numeroEdital":0,"numeroProcesso":34,"modalidade":"Inexigibilidade","situacao":"Conclu\u00eddo","descricao":"<span style=\"font-family:bookman old style,serif; font-size:11.0pt; line-height:115%; mso-ansi-language:PT-BR; mso-bidi-font-family:Arial; mso-bidi-language:AR-SA; mso-fareast-font-family:Calibri; mso-fareast-language:EN-US\">Contrata&ccedil;&atilde;o <span style=\"mso-bidi-font-weight:bold\">de show art&iacute;stico do cantor Filipe Ret, para apresenta&ccedil;&atilde;o no dia 06\/06\/2026 nas festividades da &ldquo;XX CaipBanda e IV Festival Gastron&ocirc;mico de Crucil&acirc;ndia&rdquo; <\/span>a ser realizado na Pra&ccedil;a Dom Silv&eacute;rio em Crucil&acirc;ndia\/MG<\/span>"},{"titulo":"contrata\u00e7\u00e3o de show art\u00edstico do cantor Marcelinho de Lima, para apresenta\u00e7\u00e3o no dia 05\/06\/2026 nas festividades da \u201cXX CaipBanda e IV Festival Gastron\u00f4mico de Crucil\u00e2ndia\u201d a ser realizado na Pra\u00e7a Dom Silv\u00e9rio em Crucil\u00e2ndia\/MG","dataAtualizacao":"2026-03-26 10:02:33","dataPostagem":"2026-03-13 10:00:00","dataRealizacao":"2026-03-13 17:00:00","numeroEdital":0,"numeroProcesso":33,"modalidade":"Inexigibilidade","situacao":"Conclu\u00eddo","descricao":"<span style=\"font-family:bookman old style,serif; font-size:11.0pt; line-height:115%; mso-ansi-language:PT-BR; mso-bidi-font-family:Arial; mso-bidi-language:AR-SA; mso-fareast-font-family:Calibri; mso-fareast-language:EN-US\">contrata&ccedil;&atilde;o <span style=\"mso-bidi-font-weight:bold\">de show art&iacute;stico do cantor Marcelinho de Lima, para apresenta&ccedil;&atilde;o no dia 05\/06\/2026 nas festividades da &ldquo;XX CaipBanda e IV Festival Gastron&ocirc;mico de Crucil&acirc;ndia&rdquo; <\/span>a ser realizado na Pra&ccedil;a Dom Silv&eacute;rio em Crucil&acirc;ndia\/MG<\/span>"},{"titulo":"contrata\u00e7\u00e3o de show art\u00edstico do cantor S\u00e9rgio Reis, para apresenta\u00e7\u00e3o no dia 23\/07\/2026 nas festividades da \u201cXXXIV Festa do Pe\u00e3o e Carro de Boi de Crucil\u00e2ndia\u201d a ser realizado no Parque de Exposi\u00e7\u00f5es em Crucil\u00e2ndia\/MG.","dataAtualizacao":"2026-04-06 15:22:38","dataPostagem":"2026-03-12 14:00:00","dataRealizacao":"2026-04-06 17:00:00","numeroEdital":0,"numeroProcesso":32,"modalidade":"Inexigibilidade","situacao":"Conclu\u00eddo","descricao":"<a name=\"_Hlk198192750\"><span style=\"font-family:bookman old style,serif; font-size:11.0pt; line-height:115%; mso-ansi-language:PT-BR; mso-bidi-font-family:Arial; mso-bidi-language:AR-SA; mso-fareast-font-family:Calibri; mso-fareast-language:EN-US\">contrata&ccedil;&atilde;o <span style=\"mso-bidi-font-weight:bold\">de show art&iacute;stico do cantor S&eacute;rgio Reis, para apresenta&ccedil;&atilde;o no dia 23\/07\/2026 nas festividades da &ldquo;XXXIV Festa do Pe&atilde;o e Carro de Boi de Crucil&acirc;ndia&rdquo; <\/span>a ser realizado no Parque de Exposi&ccedil;&otilde;es em Crucil&acirc;ndia\/MG.<\/span><span style=\"font-family:arial narrow,sans-serif; font-size:11.0pt; line-height:115%; mso-ansi-language:PT-BR; mso-bidi-font-family:Arial; mso-bidi-language:AR-SA; mso-fareast-font-family:Calibri; mso-fareast-language:EN-US\"> <\/span><\/a>."},{"titulo":"1.\tContrata\u00e7\u00e3o de show art\u00edstico da dupla Fernando e Sorocaba, para apresenta\u00e7\u00e3o no dia 24\/07\/2026 nas festividades da \u201cXXXIV Festa do Pe\u00e3o e Carro de Boi de Crucil\u00e2ndia\u201d a ser realizado no Parque de Exposi\u00e7\u00f5es em Crucil\u00e2ndia\/MG.","dataAtualizacao":"2026-03-25 16:14:22","dataPostagem":"2026-03-12 14:00:00","dataRealizacao":"2026-03-24 17:00:00","numeroEdital":0,"numeroProcesso":30,"modalidade":"Inexigibilidade","situacao":"Conclu\u00eddo","descricao":"<strong><span lang=\"PT\" style=\"color:black; font-family:book antiqua,serif; font-size:11.0pt; mso-ansi-language:PT; mso-bidi-font-family:&quot;Times New Roman&quot;; mso-bidi-language:AR-SA; mso-fareast-font-family:&quot;Times New Roman&quot;; mso-fareast-language:PT-BR\">Contrata&ccedil;&atilde;o de show art&iacute;stico da dupla Fernando e Sorocaba, para apresenta&ccedil;&atilde;o no dia 24\/07\/2026 nas festividades da &ldquo;XXXIV Festa do Pe&atilde;o e Carro de Boi de Crucil&acirc;ndia&rdquo; a ser realizado no Parque de Exposi&ccedil;&otilde;es em Crucil&acirc;ndia\/MG.<\/span><\/strong>"},{"titulo":"Contrata\u00e7\u00e3o de show art\u00edstico da cantora Mari Fernandez, para apresenta\u00e7\u00e3o no dia 25\/07\/2026 nas festividades da \u201cXXXIV Festa do Pe\u00e3o e Carro de Boi de Crucil\u00e2ndia\u201d a ser realizado no Parque de Exposi\u00e7\u00f5es em Crucil\u00e2ndia\/MG","dataAtualizacao":"2026-03-26 10:04:35","dataPostagem":"2026-03-12 10:00:00","dataRealizacao":"2026-03-24 17:00:00","numeroEdital":0,"numeroProcesso":31,"modalidade":"Inexigibilidade","situacao":"Conclu\u00eddo","descricao":"<span style=\"font-family:bookman old style,serif; font-size:11.0pt; line-height:115%; mso-ansi-language:PT-BR; mso-bidi-font-family:Arial; mso-bidi-language:AR-SA; mso-fareast-font-family:Calibri; mso-fareast-language:EN-US\">Contrata&ccedil;&atilde;o <span style=\"mso-bidi-font-weight:bold\">de show art&iacute;stico da cantora Mari Fernandez, para apresenta&ccedil;&atilde;o no dia 25\/07\/2026 nas festividades da &ldquo;XXXIV Festa do Pe&atilde;o e Carro de Boi de Crucil&acirc;ndia&rdquo; <\/span>a ser realizado no Parque de Exposi&ccedil;&otilde;es em Crucil&acirc;ndia\/MG<\/span>"},{"titulo":"AQUISI\u00c7\u00c3O DE CESTAS B\u00c1SICAS NECESS\u00c1RIAS PARA ATENDER \u00c0S DEMAN-DAS DA SECRETARIA MUNICIPAL DE DESENVOLVIMENTO SOCIAL, VISANDO \u00c0 EXECU\u00c7\u00c3O DAS POL\u00cdTICAS P\u00daBLICAS DE PROTE\u00c7\u00c3O SOCIAL, DESTINADAS A INDIV\u00cdDUOS E FAM\u00cdLIAS EM SITUA\u00c7\u00c3O DE VULNERABILIDADE E RISCO SOCIAL, EM CONFORMIDADE COM OS PRINC\u00cdPIOS DA DIGNIDADE DA PES-SOA HUMANA E DA FUN\u00c7\u00c3O SOCIAL DA ADMINISTRA\u00c7\u00c3O P\u00daBLICA","dataAtualizacao":"2026-04-17 14:59:02","dataPostagem":"2026-03-12 09:00:00","dataRealizacao":"2026-02-25 17:00:00","numeroEdital":0,"numeroProcesso":23,"modalidade":"Preg\u00e3o Eletr\u00f4nico","situacao":"Homologado","descricao":"<strong><span style=\"font-family:times new roman,serif; font-size:11.0pt; line-height:115%; mso-ansi-language:PT-BR; mso-bidi-language:AR-SA; mso-fareast-font-family:Calibri; mso-fareast-language:EN-US; mso-fareast-theme-font:minor-latin; mso-font-kerning:0pt\">AQUISI&Ccedil;&Atilde;O DE CESTAS B&Aacute;SICAS NECESS&Aacute;RIAS PARA ATENDER &Agrave;S DEMANDAS DA SECRETARIA MUNICIPAL DE DESENVOLVIMENTO SOCIAL, VISANDO &Agrave; EXECU&Ccedil;&Atilde;O DAS POL&Iacute;TICAS P&Uacute;BLICAS DE PROTE&Ccedil;&Atilde;O SOCIAL, DESTINADAS A INDIV&Iacute;DUOS E FAM&Iacute;LIAS EM SITUA&Ccedil;&Atilde;O DE VULNERABILIDADE E RISCO SOCIAL, EM CONFORMIDADE COM OS PRINC&Iacute;PIOS DA DIGNIDADE DA PESSOA HUMANA E DA FUN&Ccedil;&Atilde;O SOCIAL DA ADMINISTRA&Ccedil;&Atilde;O P&Uacute;BLICA<\/span><\/strong>"},{"titulo":"CONTRATA\u00c7\u00c3O DE EMPRESA PARA FORNECIMENTO E INSTALA\u00c7\u00c3O DE 01 (UM) TOTEM INTEGRADO MULTIFUNCIONAL, DESTINADO AO FORNECIMEN-TO DE \u00c1GUA POT\u00c1VEL PARA CONSUMO HUMANO (\u00c1GUA GELADA E \u00c1GUA NATURAL\/AMBIENTE), FORNECIMENTO DE \u00c1GUA PARA ANIMAIS (C\u00c3ES), BEM COMO SISTEMA DE CARREGAMENTO DE DISPOSITIVOS ELETR\u00d4NICOS (INDU\u00c7\u00c3O E PORTAS USB), A SER INSTALADO NA PRA\u00c7A DOM SILV\u00c9RIO","dataAtualizacao":"2026-03-18 16:03:47","dataPostagem":"2026-03-10 09:00:00","dataRealizacao":"2026-02-25 17:00:00","numeroEdital":0,"numeroProcesso":24,"modalidade":"Preg\u00e3o Eletr\u00f4nico","situacao":"Homologado","descricao":"<strong>CONTRATA&Ccedil;&Atilde;O DE EMPRESA PARA FORNECIMENTO E INSTALA&Ccedil;&Atilde;O DE 01 (UM) TOTEM INTEGRADO MULTIFUNCIONAL, DESTINADO AO FORNECIMENTO DE &Aacute;GUA POT&Aacute;VEL PARA CONSUMO HUMANO (&Aacute;GUA GELADA E &Aacute;GUA NATURAL\/AMBIENTE), FORNECIMENTO DE &Aacute;GUA PARA ANIMAIS (C&Atilde;ES), BEM COMO SISTEMA DE CARREGAMENTO DE DISPOSITIVOS ELETR&Ocirc;NICOS (INDU&Ccedil;&Atilde;O E PORTAS USB), A SER INSTALADO NA PRA&Ccedil;A DOM SILV&Eacute;RIO<\/strong>"},{"titulo":"AQUISI\u00c7\u00c3O DE PLACAS DE SINALIZA\u00c7\u00c3O PARA VIAS URBANAS E RURAIS ATENDENDO AS NECESSIDADES DA ADMINISTRA\u00c7\u00c3O MUNICIPAL, VISANDO ATENDER \u00c0S DEMANDAS DAS SECRETARIAS MUNICIPAIS","dataAtualizacao":"2026-03-10 16:39:37","dataPostagem":"2026-03-06 09:00:00","dataRealizacao":"2026-02-20 17:00:00","numeroEdital":0,"numeroProcesso":20,"modalidade":"Preg\u00e3o Eletr\u00f4nico","situacao":"Homologado","descricao":"<strong>AQUISI&Ccedil;&Atilde;O DE PLACAS DE SINALIZA&Ccedil;&Atilde;O PARA VIAS URBANAS E RURAIS ATENDENDO AS NECESSIDADES DA ADMINISTRA&Ccedil;&Atilde;O MUNICIPAL, VISANDO ATENDER &Agrave;S DEMANDAS DAS SECRETARIAS MUNICIPAIS<\/strong>"},{"titulo":"AQUISI\u00c7\u00c3O DE KITS GESTANTES PARA SEREM DISTRIBU\u00cdDOS A POPULA\u00c7\u00c3O DESTE MUNIC\u00cdPIO","dataAtualizacao":"2026-03-10 16:43:43","dataPostagem":"2026-03-04 09:00:00","dataRealizacao":"2026-02-19 17:00:00","numeroEdital":0,"numeroProcesso":19,"modalidade":"Preg\u00e3o Eletr\u00f4nico","situacao":"Homologado","descricao":"<strong>AQUISI&Ccedil;&Atilde;O DE KITS GESTANTES PARA SEREM DISTRIBU&Iacute;DOS A POPULA&Ccedil;&Atilde;O DESTE MUNIC&Iacute;PIO<\/strong>"},{"titulo":"REGISTRO DE PRE\u00c7OS PARA FUTURA E EVENTUAL CONTRATA\u00c7\u00c3O DE EMPRESA ESPECIALIZADA NA PRESTA\u00c7\u00c3O DE SERVI\u00c7OS DE IMPRESS\u00c3O, INSTALA\u00c7\u00c3O DE PLACAS TIPO OUTDOORS E ADESIVOS","dataAtualizacao":"2026-03-10 16:51:40","dataPostagem":"2026-02-27 09:00:00","dataRealizacao":"2026-02-09 17:00:00","numeroEdital":0,"numeroProcesso":17,"modalidade":"Preg\u00e3o Eletr\u00f4nico","situacao":"Homologado","descricao":"<strong>REGISTRO DE PRE&Ccedil;OS PARA FUTURA E EVENTUAL CONTRATA&Ccedil;&Atilde;O DE EMPRESA ESPECIALIZADA NA PRESTA&Ccedil;&Atilde;O DE SERVI&Ccedil;OS DE IMPRESS&Atilde;O, INSTALA&Ccedil;&Atilde;O DE PLACAS TIPO OUTDOORS E ADESIVOS<\/strong>"},{"titulo":"CONTRATA\u00c7\u00c3O DE EMPRESA ESPECIALIZADA PARA PODA DE \u00c1RVORES COM FORNECIMENTO DE EQUIPAMENTOS, MUNCK E M\u00c3O-DE-OBRA ESPECIALIZADA","dataAtualizacao":"2026-03-10 16:58:30","dataPostagem":"2026-02-26 09:00:00","dataRealizacao":"2026-02-20 17:00:00","numeroEdital":0,"numeroProcesso":21,"modalidade":"Dispensa de Licita\u00e7\u00e3o","situacao":"Homologado","descricao":"<strong>CONTRATA&Ccedil;&Atilde;O DE EMPRESA ESPECIALIZADA PARA PODA DE &Aacute;RVORES COM FORNECIMENTO DE EQUIPAMENTOS, MUNCK E M&Atilde;O-DE-OBRA ESPECIALIZADA<\/strong>"},{"titulo":"NESTE EDITAL OS BENS IM\u00d3VEIS, CARACTERIZADOS NO ANEXO I, RESPECTIVAMENTE, DESTE EDITAL, CONSIDERADOS INSERV\u00cdVEIS PARA O MUNIC\u00cdPIO DE CRUCIL\u00c2NDIA","dataAtualizacao":"2026-01-30 15:16:10","dataPostagem":"2026-02-23 14:00:00","dataRealizacao":"2026-01-29 17:00:00","numeroEdital":0,"numeroProcesso":13,"modalidade":"Leil\u00e3o - Eletr\u00f4nico","situacao":"Deserta","descricao":"<strong><span lang=\"PT\" style=\"font-family:calibri,sans-serif; font-size:12.0pt; mso-ansi-language:PT; mso-bidi-font-size:11.0pt; mso-bidi-language:AR-SA; mso-fareast-font-family:Calibri; mso-fareast-language:EN-US\">NESTE EDITAL OS BENS IM&Oacute;VEIS, CARACTERIZADOS NO ANEXO I, RESPECTIVAMENTE, DESTE EDITAL, CONSIDERADOS INSERV&Iacute;VEIS PARA O MUNIC&Iacute;PIO DE CRUCIL&Acirc;NDIA<\/span><\/strong>"},{"titulo":"AQUISI\u00c7\u00c3O DE CAMINH\u00c3O NOVO, 0KM, CONFORME O CONV\u00caNIO DE SA\u00cdDA N\u00ba 1491002601\/2025\/SEGOV. A FINALIDADE \u00c9 AMPLIAR A CAPACIDADE OPE-RACIONAL DO MUNIC\u00cdPIO NAS A\u00c7\u00d5ES DE CONSERVA\u00c7\u00c3O, LIMPEZA, EXE-CU\u00c7\u00c3O DE OBRAS E SERVI\u00c7OS P\u00daBLICOS URBANOS, BEM COMO IMPLEMEN-TAR MEDIDAS DE CONSERVA\u00c7\u00c3O E MANUTEN\u00c7\u00c3O DAS ESTRADAS VICINAIS, ASSEGURANDO MAIOR AGILIDADE E REDU\u00c7\u00c3O DE CUSTOS OPERACIONAIS POR M","dataAtualizacao":"2026-03-11 15:45:47","dataPostagem":"2026-02-20 09:00:00","dataRealizacao":"2026-01-22 17:00:00","numeroEdital":0,"numeroProcesso":10,"modalidade":"Preg\u00e3o Eletr\u00f4nico","situacao":"Homologado","descricao":"<strong><span style=\"font-family:times new roman,serif; font-size:11.0pt; line-height:115%; mso-ansi-language:PT-BR; mso-bidi-language:AR-SA; mso-fareast-font-family:Calibri; mso-fareast-language:EN-US; mso-fareast-theme-font:minor-latin; mso-font-kerning:0pt\">AQUISI\u00c7\u00c3O DE CAMINH\u00c3O NOVO, 0KM, CONFORME O CONV\u00caNIO DE SA\u00cdDA N\u00ba 1491002601\/2025\/SEGOV. A FINALIDADE \u00c9 AMPLIAR A CAPACIDADE OPERACIONAL DO MUNIC\u00cdPIO NAS A\u00c7\u00d5ES DE CONSERVA\u00c7\u00c3O, LIMPEZA, EXECU\u00c7\u00c3O DE OBRAS E SERVI\u00c7OS P\u00daBLICOS URBANOS, BEM COMO IMPLEMENTAR MEDIDAS DE CONSERVA\u00c7\u00c3O E MANUTEN\u00c7\u00c3O DAS ESTRADAS VICINAIS, ASSEGURANDO MAIOR AGILIDADE E REDU\u00c7\u00c3O DE CUSTOS OPERACIONAIS POR MEIO DA AQUISI\u00c7\u00c3O DE UM CAMINH\u00c3O EQUIPADO COM B\u00c1SCULA. A INICIATIVA BUSCA ATENDER \u00c0S DEMANDAS DA SECRETARIA MUNICIPAL DE OBRAS E TRANSPORTES DA PREFEITURA DE CRUCIL\u00c2NDIA, AMPLIANDO A CAPACIDADE DE ATENDIMENTO ELEVANDO E EFICI\u00caNCIA NA EXECU\u00c7\u00c3O DOS SERVI\u00c7OS P\u00daBLICOS ESSENCIAIS. COM ISSO, SER\u00c1 POSS\u00cdVEL MINIMIZAR AS LIMITA\u00c7\u00d5ES ATUALMENTE ENFRENTADAS NO TRANSPORTE DE MATERIAIS DESTINADOS A OBRAS P\u00daBLICAS, MANUTEN\u00c7\u00c3O DE VIAS URBANAS E RURAIS, SERVI\u00c7OS DE LIMPEZA P\u00daBLICA E DEMAIS INTERVEN\u00c7\u00d5ES<\/span><\/strong>"},{"titulo":"AQUISI\u00c7\u00c3O DE VE\u00cdCULOS PARA TRANSPORTE ESCOLAR, DESTINADOS AO ATENDIMENTO DE ALUNOS MATRICULADOS EM ESCOLAS DA REDE MUNICI-PAL DE ENSINO, CONFORME DESCRITO NO PLANO DE APLICA\u00c7\u00c3O DE RE-CURSOS \u2013 PROGRAMA FORTALECIMENTO DAS ESCOLAS MUNICIPAIS, CON-FORME CONV\u00caNIO N\u00ba 1261002230\/2025\/SEE","dataAtualizacao":"2026-04-24 14:17:27","dataPostagem":"2026-02-12 09:00:00","dataRealizacao":"2026-01-16 17:00:00","numeroEdital":0,"numeroProcesso":3,"modalidade":"Preg\u00e3o Eletr\u00f4nico","situacao":"Homologado","descricao":"<strong><span style=\"font-family:times new roman,serif; font-size:11.0pt; line-height:115%; mso-ansi-language:PT-BR; mso-bidi-language:AR-SA; mso-fareast-font-family:Calibri; mso-fareast-language:EN-US; mso-fareast-theme-font:minor-latin; mso-font-kerning:0pt\">AQUISI&Ccedil;&Atilde;O DE VE&Iacute;CULOS PARA TRANSPORTE ESCOLAR, DESTINADOS AO ATENDIMENTO DE ALUNOS MATRICULADOS EM ESCOLAS DA REDE MUNICIPAL DE ENSINO, CONFORME DESCRITO NO PLANO DE APLICA&Ccedil;&Atilde;O DE RECURSOS &ndash; PROGRAMA FORTALECIMENTO DAS ESCOLAS MUNICIPAIS, CONFORME CONV&Ecirc;NIO N&ordm; 1261002230\/2025\/SEE<\/span><\/strong>"},{"titulo":"CREDENCIAMENTO DE PRESTADORES DE SERVI\u00c7O PARA EXECU\u00c7\u00c3O DE SERVI\u00c7OS DIVERSOS (CALCETEIRO, ELETRICISTA, MARCENEIRO, PEDREIRO, PINTOR, RASTELEIRO, SERRALHEIRO, SERVENTE, VIGIA, LIMPEZA DE BUEIROS, LIMPEZA DE TERRENOS, RO\u00c7ADA MANUAL) PARA ATENDER AS NECESSIDADES DAS SECRETARIAS MUNICIPAIS,","dataAtualizacao":"2026-04-24 14:23:37","dataPostagem":"2026-02-11 09:00:00","dataRealizacao":"2026-02-11 17:00:00","numeroEdital":0,"numeroProcesso":18,"modalidade":"Credenciamento","situacao":"Em Andamento","descricao":"<strong>CREDENCIAMENTO DE PRESTADORES DE SERVI&Ccedil;O PARA EXECU&Ccedil;&Atilde;O DE SERVI&Ccedil;OS DIVERSOS (CALCETEIRO, ELETRICISTA, MARCENEIRO, PEDREIRO, PINTOR, RASTELEIRO, SERRALHEIRO, SERVENTE, VIGIA, LIMPEZA DE BUEIROS, LIMPEZA DE TERRENOS, RO&Ccedil;ADA MANUAL) PARA ATENDER AS NECESSIDADES DAS SECRETARIAS MUNICIPAIS, <\/strong>"},{"titulo":"AQUISI\u00c7\u00c3O DE MATERIAIS DE LIMPEZA, HIGIENE PESSOAL E UTENS\u00cdLIOS DOM\u00c9STICOS DESTINADOS AO ATENDIMENTO DAS NECESSIDADES DAS DIVERSAS SECRETARIAS MUNICIPAIS, INCLUINDO ESCOLAS, UNIDADES DE SA\u00daDE E DEMAIS PR\u00c9DIOS P\u00daBLICOS.","dataAtualizacao":"2026-03-11 16:14:49","dataPostagem":"2026-02-09 09:00:00","dataRealizacao":"2026-01-23 17:00:00","numeroEdital":0,"numeroProcesso":9,"modalidade":"Preg\u00e3o Eletr\u00f4nico","situacao":"Homologado","descricao":"<span class=\"sw_leitura_audio\"><strong>AVISO DE LICITA&Ccedil;&Atilde;O<\/strong><br \/>\r\n<span class=\"sw_leitura_audio\"><\/span><span class=\"sw_leitura_audio\"><br \/>\r\nO Munic&iacute;pio de Crucil&acirc;ndia\/MG informa que ser&aacute; realizado Processo Licitat&oacute;rio, na modalidade Preg&atilde;o Eletr&ocirc;nico, com o objetivo de adquirir materiais de limpeza destinados ao atendimento das Secretarias Municipais. A iniciativa visa suprir a demanda dos diversos setores da administra&ccedil;&atilde;o, contemplando produtos para a higieniza&ccedil;&atilde;o de escolas, unidades de sa&uacute;de, pr&eacute;dios p&uacute;blicos, al&eacute;m de itens de higiene pessoal e utens&iacute;lios dom&eacute;sticos, que ser&atilde;o distribu&iacute;dos &agrave;s secretarias municipais para garantir a manuten&ccedil;&atilde;o regular de suas atividades, conforme especifica&ccedil;&otilde;es previstas no edital e em seus anexos. <\/span><br \/>\r\n<br \/>\r\n<strong>Data da sess&atilde;o p&uacute;blica:<\/strong> 09 de fevereiro de 2026 (segunda-feira)<br \/>\r\n<strong>Hor&aacute;rio:<\/strong>&nbsp;09hrs<br \/>\r\n<br \/>\r\nA sess&atilde;o ser&aacute; realizada por meio de sistema eletr&ocirc;nico, conforme indicado no edital.<br \/>\r\n<br \/>\r\n<strong>Justificativa:<\/strong> A aquisi&ccedil;&atilde;o de materiais de limpeza visa atender &agrave;s necessidades cont&iacute;nuas das Secretarias Municipais, assegurando condi&ccedil;&otilde;es adequadas de higiene, salubridade e conserva&ccedil;&atilde;o das escolas, unidades de sa&uacute;de, pr&eacute;dios administrativos e demais instala&ccedil;&otilde;es p&uacute;blicas, bem como o fornecimento de itens de higiene pessoal e utens&iacute;lios dom&eacute;sticos indispens&aacute;veis ao funcionamento dos diversos setores da Administra&ccedil;&atilde;o, contribuindo para a manuten&ccedil;&atilde;o dos servi&ccedil;os p&uacute;blicos, a preven&ccedil;&atilde;o de riscos &agrave; sa&uacute;de e o atendimento ao interesse p&uacute;blico.<br \/>\r\n<br \/>\r\nO edital e seus anexos est&atilde;o dispon&iacute;veis no sistema eletr&ocirc;nico indicado e na aba &ldquo;<span style=\"color:#0000FF\"><strong>Arquivos<\/strong><\/span>&rdquo; desta publica&ccedil;&atilde;o.<br \/>\r\n&nbsp;<\/span>"},{"titulo":"Contrata\u00e7\u00e3o De Empresa Especializada Para Presta\u00e7\u00e3o De Servi\u00e7os De Consultoria Ambiental Mensal Com Direito \u00c0 Reuni\u00f5es, pelo per\u00edodo de 12 (doze) meses, de forma presencial e remota (via e-mail, Zoom, telefone, WhatsApp e outros meios digitais), para atender a Prefeitura Municipal de Crucil\u00e2ndia, em todos os projetos, programas, obras, atividades e empreendimentos de interesse ","dataAtualizacao":"2026-02-18 14:55:55","dataPostagem":"2026-02-05 09:00:00","dataRealizacao":"2026-01-30 17:00:00","numeroEdital":0,"numeroProcesso":14,"modalidade":"Dispensa","situacao":"Ratificada","descricao":"<strong><span style=\"font-family:times new roman,serif; font-size:11.0pt; line-height:115%; mso-ansi-language:PT-BR; mso-bidi-font-style:italic; mso-bidi-language:AR-SA; mso-fareast-font-family:Calibri; mso-fareast-language:EN-US\">Contrata&ccedil;&atilde;o De Empresa Especializada Para Presta&ccedil;&atilde;o De Servi&ccedil;os De Consultoria Ambiental Mensal Com Direito &Agrave; Reuni&otilde;es, pelo per&iacute;odo de 12 (doze) meses, de forma presencial e remota (via e-mail, Zoom, telefone, WhatsApp e outros meios digitais), para atender a Prefeitura Municipal de Crucil&acirc;ndia, em todos os projetos, programas, obras, atividades e empreendimentos de interesse municipal que demandem licenciamento ambiental, regulariza&ccedil;&atilde;o ambiental, acompanhamento t&eacute;cnico ambiental e outorga do direito de uso de recursos h&iacute;dricos<\/span><\/strong>"},{"titulo":"CONTRATA\u00c7\u00c3O FUTURA E PROV\u00c1VEL, DE EMPRESA PARA LOCA\u00c7\u00c3O DE M\u00c1QUINAS, CAMINH\u00d5ES E PRESTA\u00c7\u00c3O DE SERVI\u00c7O DE OPERADORES, PARA ATENDER AS NECESSIDADES DAS SECRETARIAS MUNICIPAIS","dataAtualizacao":"2026-02-18 15:00:24","dataPostagem":"2026-02-04 10:00:00","dataRealizacao":"2026-01-22 17:00:00","numeroEdital":0,"numeroProcesso":8,"modalidade":"Preg\u00e3o Eletr\u00f4nico","situacao":"Homologado","descricao":""},{"titulo":"REGISTRAR PRE\u00c7OS PARA FUTURA E PROV\u00c1VEL CONTRATA\u00c7\u00c3O DE EMPRESA PARA O FORNECIMENTO DE COMBUST\u00cdVEL NECESS\u00c1RIO \u00c0 FROTA DE VE\u00cdCULOS DESTA ADMINISTRA\u00c7\u00c3O.","dataAtualizacao":"2026-03-11 16:26:34","dataPostagem":"2026-02-03 09:30:00","dataRealizacao":"2026-01-22 17:00:00","numeroEdital":0,"numeroProcesso":7,"modalidade":"Preg\u00e3o Eletr\u00f4nico","situacao":"Homologado","descricao":"<strong>AVISO DE LICITA&Ccedil;&Atilde;O<\/strong><br \/>\r\n<br \/>\r\nO Munic&iacute;pio de <strong>Crucil&acirc;ndia\/MG<\/strong> torna p&uacute;blico que realizar&aacute; <strong>Processo Licitat&oacute;rio n&ordm; 07\/2026<\/strong>, na modalidade <strong>Preg&atilde;o Eletr&ocirc;nico n&ordm; 04\/2026<\/strong>, do tipo <span style=\"color:#FF0000\"><strong>MENOR PRE&Ccedil;O POR ITEM<\/strong><\/span>, com <strong>Sistema de Registro de Pre&ccedil;os<\/strong>, nos termos da <strong>Lei n&ordm; 14.133\/2021<\/strong> e do <strong>Decreto Municipal n&ordm; 039\/2023<\/strong>.<br \/>\r\n<br \/>\r\n<strong>Objeto:<\/strong> Registro de pre&ccedil;os para futura e eventual contrata&ccedil;&atilde;o de empresa para o fornecimento de combust&iacute;vel, destinado ao atendimento da frota de ve&iacute;culos da Administra&ccedil;&atilde;o Municipal, conforme especifica&ccedil;&otilde;es constantes no Termo de Refer&ecirc;ncia.<br \/>\r\n<br \/>\r\n<strong>Data da sess&atilde;o p&uacute;blica:<\/strong> <strong>03 de fevereiro de 2026<\/strong>, &agrave;s <strong>09h30min<\/strong>, a ser realizada por meio do sistema eletr&ocirc;nico <strong>LICITAR DIGITAL<\/strong>.<br \/>\r\n<br \/>\r\n<strong>Justificativa:<\/strong> A contrata&ccedil;&atilde;o visa garantir o abastecimento cont&iacute;nuo e regular da frota municipal, assegurando a manuten&ccedil;&atilde;o dos servi&ccedil;os p&uacute;blicos essenciais e o adequado funcionamento das atividades administrativas do Munic&iacute;pio.<br \/>\r\n<br \/>\r\nO edital e seus anexos est&atilde;o dispon&iacute;veis no site <a class=\"decorated-link\" data-end=\"227\" data-start=\"203\" href=\"https:\/\/licitar.digital\/\" rel=\"noopener\" target=\"_new\">https:\/\/licitar.digital\/<span aria-hidden=\"true\" class=\"align-middle inline-block leading-none ms-0.5\"><\/span><\/a> e na aba &ldquo;<span style=\"color:#0000FF\"><strong>Arquivos<\/strong><\/span>&rdquo; desta publica&ccedil;&atilde;o.<br \/>\r\n&nbsp;"},{"titulo":"credenciamento de pessoas jur\u00eddicas para a presta\u00e7\u00e3o de servi\u00e7os m\u00e9dicos especializados nas \u00e1reas de Ginecologia, Obstetr\u00edcia, Geriatria, Psiquiatria, Dermatologia, Neurologia e Pediatria conforme demanda da Secretaria Municipal de Sa\u00fade. Os servi\u00e7os ser\u00e3o prestados com o objetivo de ampliar o acesso da popula\u00e7\u00e3o aos atendimentos especializados no \u00e2mbito do Sistema \u00danico de Sa\u00fa","dataAtualizacao":"2026-04-24 14:34:39","dataPostagem":"2026-02-02 09:00:00","dataRealizacao":"2026-01-29 17:00:00","numeroEdital":0,"numeroProcesso":12,"modalidade":"Credenciamento","situacao":"Aberto","descricao":"<strong><span style=\"font-family:bookman old style,serif; font-size:11.0pt; letter-spacing:.05pt; line-height:115%; mso-ansi-language:PT-BR; mso-bidi-font-family:Arial; mso-bidi-language:AR-SA; mso-fareast-font-family:Calibri; mso-fareast-language:EN-US; mso-fareast-theme-font:minor-latin; mso-font-kerning:0pt; mso-ligatures:none\">credenciamento de pessoas jur&iacute;dicas para a presta&ccedil;&atilde;o de servi&ccedil;os m&eacute;dicos especializados nas &aacute;reas de Ginecologia, Obstetr&iacute;cia, Geriatria, Psiquiatria, Dermatologia, Neurologia e Pediatria conforme demanda da Secretaria Municipal de Sa&uacute;de. Os servi&ccedil;os ser&atilde;o prestados com o objetivo de ampliar o acesso da popula&ccedil;&atilde;o aos atendimentos especializados no &acirc;mbito do Sistema &Uacute;nico de Sa&uacute;de (SUS), respeitando os protocolos cl&iacute;nicos e diretrizes estabelecidas pelo Minist&eacute;rio da Sa&uacute;de<\/span><\/strong>"},{"titulo":"AQUISI\u00c7\u00c3O DE MATERIAIS HIDR\u00c1ULICOS NECESS\u00c1RIOS AS SECRETARIAS MUNICIPAIS.","dataAtualizacao":"2026-03-11 16:48:28","dataPostagem":"2026-02-02 09:00:00","dataRealizacao":"2026-01-19 17:00:00","numeroEdital":0,"numeroProcesso":4,"modalidade":"Preg\u00e3o Eletr\u00f4nico","situacao":"Homologado","descricao":"<strong>PREFEITURA DE CRUCIL&Acirc;NDIA INFORMA ABERTURA DE PREG&Atilde;O ELETR&Ocirc;NICO.<\/strong><br \/>\r\n<br \/>\r\n<strong>Objeto<\/strong>:<strong>&nbsp;<\/strong>AQUISI&Ccedil;&Atilde;O DE MATERIAIS HIDR&Aacute;ULICOS NECESS&Aacute;RIOS AS SECRETARIAS MUNICIPAIS.<br \/>\r\n<br \/>\r\n<strong>In&iacute;cio recebimento das propostas<\/strong>:19\/01\/2026 &agrave;s 17h<br \/>\r\n<strong>Data para realiza&ccedil;&atilde;o da sess&atilde;o:&nbsp;<\/strong>02\/02\/2026 &agrave;s 09h<br \/>\r\n<br \/>\r\nAnexos se encontram na aba &#39;<span style=\"color:#0000FF\"><strong>Arquivos<\/strong><\/span>&#39; desta publica&ccedil;&atilde;o, bem como no site&nbsp;https:\/\/licitar.digital\/"},{"titulo":"CHAMAMENTO P\u00daBLICO PARA A CONCESS\u00c3O DE AUX\u00cdLIO FINANCEIRO AOS BLOCOS DE RUA para os desfiles no per\u00edodo de 13 \u00e0 15 de fevereiro de 2026.","dataAtualizacao":"2026-04-24 14:45:20","dataPostagem":"2026-01-29 16:00:00","dataRealizacao":"2026-01-07 17:00:00","numeroEdital":0,"numeroProcesso":1,"modalidade":"Chamamento P\u00fablico","situacao":"Conclu\u00eddo","descricao":"CHAMAMENTO P&Uacute;BLICO PARA A CONCESS&Atilde;O DE AUX&Iacute;LIO FINANCEIRO AOS BLOCOS DE RUA para os desfiles no per&iacute;odo de 13 &agrave; 15 de fevereiro de 2026.<br \/>\r\n&nbsp;"},{"titulo":"Contrata\u00e7\u00e3o de Empresas Especializadas para loca\u00e7\u00e3o, organiza\u00e7\u00e3o, montagem e desmontagem de toda estrutura para a realiza\u00e7\u00e3o das festividades intituladas CRUCIL\u00c2NDIA NA FOLIA - CARNAVAL 2026, promovidas pela Secretaria Municipal de Cultura do Munic\u00edpio de Crucil\u00e2ndiaMG.","dataAtualizacao":"2026-03-12 09:42:03","dataPostagem":"2026-01-22 09:00:00","dataRealizacao":"2026-01-12 17:00:00","numeroEdital":0,"numeroProcesso":2,"modalidade":"Preg\u00e3o Eletr\u00f4nico","situacao":"Homologado","descricao":"<strong>COMUNICADO DE PREG&Atilde;O ELETR&Ocirc;NICO<\/strong><br \/>\r\n<br \/>\r\n<strong>Objeto:<\/strong> Contrata&ccedil;&atilde;o de Empresas Especializadas para loca&ccedil;&atilde;o, organiza&ccedil;&atilde;o, montagem e desmontagem de toda estrutura para a realiza&ccedil;&atilde;o das festividades intituladas <strong>CRUCIL&Acirc;NDIA NA FOLIA - CARNAVAL 2026<\/strong>, promovidas pela Secretaria Municipal de Cultura do Munic&iacute;pio de Crucil&acirc;ndiaMG.<br \/>\r\n<br \/>\r\n<strong>DATA DA SESS&Atilde;O:<\/strong> 22\/01\/2026 &agrave;s 09h00 na Plataforma <span style=\"color:#0000FF\"><strong>LicitarDigital<\/strong><\/span> (https:\/\/licitar.digital\/)<br \/>\r\n<br \/>\r\nDocumentos podem ser acessados na aba &#39;<span style=\"color:#0000FF\"><strong>Arquivos<\/strong><\/span>&#39; desta publica&ccedil;&atilde;o."},{"titulo":"AQUISI\u00c7\u00c3O DE MOTOCICLETA ZERO QUIL\u00d4METRO, PARA TRANSPORTAR SERVIDORES DA SECRETARIA MUNICIPAL DE OBRAS PARA A REALIZA\u00c7\u00c3O DE ATIVIDADES EXTERNAS ESSENCIAIS AO DESENVOLVIMENTO URBANO E RURAL DO MUNIC\u00cdPIO.","dataAtualizacao":"2025-12-16 11:18:50","dataPostagem":"2026-01-07 09:00:00","dataRealizacao":"2025-12-16 17:00:00","numeroEdital":0,"numeroProcesso":152,"modalidade":"Preg\u00e3o Eletr\u00f4nico","situacao":"Fracassada","descricao":"<span style=\"color:#0000FF\"><strong>AVISO DE LICITA&Ccedil;&Atilde;O<\/strong><\/span><br \/>\r\n<br \/>\r\nA Prefeitura Municipal de Crucil&acirc;ndia\/MG torna p&uacute;blico que realizar&aacute; <strong>Preg&atilde;o Eletr&ocirc;nico<\/strong>, referente a processo administrativo destinado &agrave; aquisi&ccedil;&atilde;o de ve&iacute;culo.<br \/>\r\n<br \/>\r\n<strong><span style=\"color:#0000FF\">Objeto<\/span>:<\/strong>&nbsp;Aquisi&ccedil;&atilde;o de <strong>MOTOCICLETA NOVA<\/strong>, zero quil&ocirc;metro, destinada ao atendimento das necessidades da Secretaria Municipal de Obras do Munic&iacute;pio de Crucil&acirc;ndia\/MG.<br \/>\r\n<br \/>\r\n<strong>Data da sess&atilde;o p&uacute;blica:<\/strong> <strong>07\/01\/2026 &agrave;s 09hrs.<\/strong><br \/>\r\n<br \/>\r\n<strong>Local da Sess&atilde;o:<\/strong>&nbsp;Sistema eletr&ocirc;nico utilizado pelo Munic&iacute;pio. (<strong><span style=\"color:#0000FF\">Licitar Digital<\/span><\/strong>)<br \/>\r\n<br \/>\r\nO valor estimado da contrata&ccedil;&atilde;o encontra-se previsto no processo administrativo correspondente.<br \/>\r\n<br \/>\r\nO edital completo e demais informa&ccedil;&otilde;es est&atilde;o dispon&iacute;veis no site oficial da Prefeitura Municipal de Crucil&acirc;ndia\/MG e na plataforma eletr&ocirc;nica utilizada para a realiza&ccedil;&atilde;o da sess&atilde;o, bem como na aba &#39;<span style=\"color:#0000FF\"><strong>Anexos<\/strong><\/span>&#39; desta publica&ccedil;&atilde;o.<br \/>\r\n<br \/>\r\nCrucil&acirc;ndia\/MG, 16 de dezembro 2025.<br \/>\r\n<br \/>\r\n<strong>Prefeitura Municipal de Crucil&acirc;ndia<\/strong><br \/>\r\n&nbsp;"},{"titulo":"AQUISI\u00c7\u00c3O DE GASES MEDICINAIS PARA ATENDER AS DEMANDAS DA SECRETARIA MUNICIPAL DE SA\u00daDE DO MUNIC\u00cdPIO;","dataAtualizacao":"2026-03-18 16:07:15","dataPostagem":"2026-01-06 09:00:00","dataRealizacao":"2025-12-16 17:00:00","numeroEdital":0,"numeroProcesso":151,"modalidade":"Preg\u00e3o Eletr\u00f4nico","situacao":"Homologado","descricao":"<span style=\"color:#0000FF\"><\/span><br \/>\r\n<strong><span style=\"color:#0000FF\">AVISO DE LICITA&Ccedil;&Atilde;O<\/span><\/strong><br \/>\r\n<br \/>\r\nA Prefeitura Municipal de Crucil&acirc;ndia\/MG torna p&uacute;blico que realizar&aacute; o <strong>Preg&atilde;o Eletr&ocirc;nico n&ordm; 57\/2025<\/strong>, referente ao <strong>Processo Licitat&oacute;rio n&ordm; 151\/2025<\/strong>.<br \/>\r\n<br \/>\r\n<strong><span style=\"color:#0000FF\">Objeto<\/span>:<\/strong>&nbsp;Registro de Pre&ccedil;os para futura aquisi&ccedil;&atilde;o de <strong>gases medicinais<\/strong>, destinados ao atendimento das necessidades da Secretaria Municipal de Sa&uacute;de do Munic&iacute;pio de Crucil&acirc;ndia\/MG.<br \/>\r\n<br \/>\r\n<strong>Data da sess&atilde;o p&uacute;blica:<\/strong> <strong>06 de janeiro de 2026<\/strong>, &agrave;s <strong>09h00<\/strong>.<br \/>\r\n<strong>Local da sess&atilde;o:<\/strong>&nbsp;Sistema Eletr&ocirc;nico <strong>Licitar Digital<\/strong>.<br \/>\r\n<br \/>\r\nO valor total estimado da contrata&ccedil;&atilde;o &eacute; de <strong>R$ 140.679,00<\/strong>.<br \/>\r\n<br \/>\r\nO edital completo encontra-se dispon&iacute;vel no sistema eletr&ocirc;nico Licitar Digital e no site oficial da Prefeitura Municipal de Crucil&acirc;ndia\/MG, bem como na aba &#39;<span style=\"color:#0000FF\"><strong>Arquivos<\/strong><\/span>&#39; desta publica&ccedil;&atilde;o.<br \/>\r\n<br \/>\r\nCrucil&acirc;ndia\/MG,16 de dezembro de 2025.<br \/>\r\n<br \/>\r\n<strong>Prefeitura Municipal de Crucil&acirc;ndia<\/strong><br \/>\r\n&nbsp;"},{"titulo":"AQUISI\u00c7\u00c3O DE UM VE\u00cdCULO AUTOMOTOR NOVO (ZERO QUIL\u00d4METRO), COM ACESSIBILIDADE, DESTINADO AO ATENDIMENTO DAS DEMANDAS DO TRANSPORTE ELETIVO DA SECRETARIA MUNICIPAL DE SA\u00daDE, EM CONFORMIDADE COM A RESOLU\u00c7\u00c3O SES\/MG N\u00ba 10.637, DE 11 DE NOVEMBRO DE 2025, QUE DEFINE REGRAS PARA FINANCIAMENTO E EXECU\u00c7\u00c3O DO PROJETO DE SA\u00daDE PARA A POL\u00cdTICA DE ACESSO ELETIVO, VISANDO \u00c0 AQUISI\u00c7\u00c3O DE VE\u00cdCU","dataAtualizacao":"2026-03-18 16:14:03","dataPostagem":"2025-12-29 14:00:00","dataRealizacao":"2025-12-11 15:45:00","numeroEdital":0,"numeroProcesso":148,"modalidade":"Preg\u00e3o Eletr\u00f4nico","situacao":"Homologado","descricao":"<br \/>\r\n<strong>PREFEITURA DE CRUCIL&Acirc;NDIA ABRE LICITA&Ccedil;&Atilde;O PARA AQUISI&Ccedil;&Atilde;O DE VE&Iacute;CULO ADAPTADO PARA O TRANSPORTE ELETIVO DA SA&Uacute;DE<\/strong><br \/>\r\n<br \/>\r\nA Prefeitura Municipal de Crucil&acirc;ndia informa a abertura do Processo Licitat&oacute;rio referente ao <strong>Preg&atilde;o Eletr&ocirc;nico n&ordm; 56\/2025<\/strong>, destinado &agrave; aquisi&ccedil;&atilde;o de <strong>um Ve&iacute;culo Automotor (VAN) novo (zero quil&ocirc;metro), com acessibilidade<\/strong>, para atender &agrave;s demandas do transporte eletivo da Secretaria Municipal de Sa&uacute;de.<br \/>\r\n<br \/>\r\nA iniciativa segue as diretrizes da <strong>Resolu&ccedil;&atilde;o SES\/MG n&ordm; 10.637\/2025<\/strong>, que estabelece regras para o financiamento e execu&ccedil;&atilde;o do Projeto de Sa&uacute;de para a Pol&iacute;tica de Acesso Eletivo no Estado de Minas Gerais.<br \/>\r\n<br \/>\r\nO envio das propostas ser&aacute; realizado exclusivamente pela plataforma &ldquo;<strong><span style=\"color:#0000FF\">Licitar Digital<\/span><\/strong>&rdquo;, e ter&aacute; in&iacute;cio em <strong>11 de dezembro de 2025, &agrave;s 17h<\/strong>.<br \/>\r\n<br \/>\r\nA sess&atilde;o p&uacute;blica de abertura e julgamento das propostas ocorrer&aacute; no dia <strong>29 de dezembro de 2025, &agrave;s 14h<\/strong>, quando ser&atilde;o analisadas as ofertas das empresas participantes.<br \/>\r\n<br \/>\r\nA licita&ccedil;&atilde;o ser&aacute; julgada pelo crit&eacute;rio de <span style=\"color:#FF0000\"><strong>MENOR PRE&Ccedil;O POR ITEM<\/strong><\/span>, garantindo concorr&ecirc;ncia justa entre os fornecedores.<br \/>\r\n<br \/>\r\nO valor total estimado para a contrata&ccedil;&atilde;o &eacute; de <strong>R$ 350.349,75<\/strong>.<br \/>\r\n<br \/>\r\nA Administra&ccedil;&atilde;o Municipal refor&ccedil;a que o novo ve&iacute;culo adaptado trar&aacute; mais conforto, seguran&ccedil;a e acessibilidade aos pacientes que utilizam o transporte eletivo, fortalecendo a qualidade dos servi&ccedil;os de sa&uacute;de ofertados &agrave; popula&ccedil;&atilde;o.<br \/>\r\n<br \/>\r\nO edital completo e todas as informa&ccedil;&otilde;es adicionais est&atilde;o dispon&iacute;veis na plataforma &ldquo;Licitar Digital&rdquo; e nos canais oficiais da Prefeitura, bem como na sess&atilde;o\/aba &#39;&#39;<span style=\"color:#0000FF\"><strong>Arquivos<\/strong><\/span>&#39;&#39; desta publica&ccedil;&atilde;o.<br \/>\r\n&nbsp;"},{"titulo":"AQUISI\u00c7\u00c3O DE VE\u00cdCULOS AUTOMOTORES NOVOS (ZERO QUIL\u00d4METRO), DESTINADOS AO ATENDIMENTO DAS DEMANDAS DA SECRETARIA MUNICIPAL DE SA\u00daDE, EM CONFORMIDADE COM A RESOLU\u00c7\u00c3O SES\/MG N\u00ba 10.634, DE 10 DE NOVEMBRO DE 2025, QUE DETERMINA A AQUISI\u00c7\u00c3O DE VE\u00cdCULOS PARA ESTABELECIMENTOS DE SA\u00daDE E MUNIC\u00cdPIOS DE MINAS GERAIS.","dataAtualizacao":"2026-03-18 16:18:15","dataPostagem":"2025-12-29 09:00:00","dataRealizacao":"2025-12-11 14:30:00","numeroEdital":0,"numeroProcesso":147,"modalidade":"Preg\u00e3o Eletr\u00f4nico","situacao":"Homologado","descricao":"<br \/>\r\n<strong>PREFEITURA DE CRUCIL&Acirc;NDIA INICIA PROCESSO DE LICITA&Ccedil;&Atilde;O PARA AQUISI&Ccedil;&Atilde;O DE VE&Iacute;CULOS NOVOS PARA A SA&Uacute;DE<\/strong><br \/>\r\n<br \/>\r\nA Prefeitura Municipal de Crucil&acirc;ndia informa a abertura do Processo Licitat&oacute;rio n&ordm; 147\/2025 &ndash; Preg&atilde;o Eletr&ocirc;nico n&ordm; 55\/2025, destinado &agrave; aquisi&ccedil;&atilde;o de ve&iacute;culos automotores novos (zero quil&ocirc;metro) para refor&ccedil;ar as atividades da Secretaria Municipal de Sa&uacute;de. A iniciativa segue a Resolu&ccedil;&atilde;o SES\/MG n&ordm; 10.634\/2025, que orienta a renova&ccedil;&atilde;o da frota utilizada pelos munic&iacute;pios mineiros.<br \/>\r\n<br \/>\r\nO recebimento das propostas acontecer&aacute; <strong>a partir do dia 11 de dezembro de 2025, &agrave;s 17h<\/strong>, exclusivamente por meio da plataforma &ldquo;Licitar Digital&rdquo;, sistema oficial utilizado pelo Munic&iacute;pio para contrata&ccedil;&otilde;es eletr&ocirc;nicas.<br \/>\r\n<br \/>\r\nA sess&atilde;o p&uacute;blica de abertura das propostas e lances ser&aacute; realizada no dia <strong>29 de dezembro de 2025 (segunda-feira), &agrave;s 9h<\/strong>, quando ocorrer&aacute; o julgamento das ofertas apresentadas pelas empresas participantes.<br \/>\r\n<br \/>\r\nA licita&ccedil;&atilde;o ser&aacute; do tipo <span style=\"color:#FF0000\"><strong>MENOR PRE&Ccedil;O POR ITEM<\/strong><\/span>, permitindo ampla participa&ccedil;&atilde;o e garantindo maior competitividade entre fornecedores.<br \/>\r\n<br \/>\r\nO valor total estimado da contrata&ccedil;&atilde;o &eacute; de <strong>R$ 346.601,52<\/strong>, conforme especifica&ccedil;&otilde;es detalhadas no Edital e em seu Termo de Refer&ecirc;ncia.<br \/>\r\n<br \/>\r\nA Administra&ccedil;&atilde;o Municipal refor&ccedil;a seu compromisso com a transpar&ecirc;ncia e a melhoria da estrutura de atendimento em sa&uacute;de, proporcionando mais seguran&ccedil;a, qualidade e agilidade no servi&ccedil;o prestado &agrave; popula&ccedil;&atilde;o.<br \/>\r\n<br \/>\r\nO Edital completo est&aacute; dispon&iacute;vel na plataforma &ldquo;Licitar Digital&rdquo; e nos canais oficiais do Munic&iacute;pio, bem como na sess&atilde;o\/aba &quot;<strong><span style=\"color:#0000FF\">Arquivos<\/span><\/strong>&#39;&#39; desta publica&ccedil;&atilde;o.<br \/>\r\n&nbsp;"},{"titulo":"AQUISI\u00c7\u00c3O FUTURA E PROV\u00c1VEL, DE MATERIAIS DE EXPEDIENTE, NECESS\u00c1RIOS DURANTE ATIVIDADES DAS SECRETARIAS MUNICIPAIS","dataAtualizacao":"2026-03-12 11:12:27","dataPostagem":"2025-12-17 09:00:00","dataRealizacao":"2025-12-03 17:00:00","numeroEdital":0,"numeroProcesso":142,"modalidade":"Preg\u00e3o Eletr\u00f4nico","situacao":"Homologado","descricao":"<a name=\"_Hlk215668975\"><strong>AQUISI&Ccedil;&Atilde;O FUTURA E PROV&Aacute;VEL, DE MATERIAIS DE EXPEDIENTE, NECESS&Aacute;RIOS DURANTE ATIVIDADES DAS SECRETARIAS MUNICIPAIS<\/strong><\/a>"},{"titulo":"\u00c9 OBJETO DESTE LEIL\u00c3O PREVISTO NESTE EDITAL OS BENS IM\u00d3VEIS, CARACTERIZADOS NO ANEXO I, RESPECTIVAMENTE, DESTE EDITAL, CONSIDERADOS INSERV\u00cdVEIS PARA O MUNIC\u00cdPIO DE CRUCIL\u00c2NDIA","dataAtualizacao":"2026-04-24 15:04:03","dataPostagem":"2025-12-15 10:00:00","dataRealizacao":"2025-11-12 17:00:00","numeroEdital":0,"numeroProcesso":130,"modalidade":"Leil\u00e3o - Presencial","situacao":"Deserta","descricao":"<strong>&Eacute; OBJETO DESTE LEIL&Atilde;O PREVISTO NESTE EDITAL OS BENS IM&Oacute;VEIS, CARACTERIZADOS NO ANEXO I, RESPECTIVAMENTE, DESTE EDITAL, CONSIDERADOS INSERV&Iacute;VEIS PARA O MUNIC&Iacute;PIO DE CRUCIL&Acirc;NDIA<\/strong>"},{"titulo":"CONTRATA\u00c7\u00c3O DE EMPRESA ESPECIALIZADA PARA PRESTA\u00c7\u00c3O DE SERVI\u00c7OS DE CONSULTORIA MENSAL COM DIREITO \u00c0 REUNI\u00d5ES PELO PER\u00cdODO DE SEIS MESES DE FORMA REMOTA (VIA E-MAIL\/ZOOM, TELEFONE, WHATSAPP E OUTROS MEIOS DIGITAIS) PARA A SECRETARIA MUNICIPAL DE EDUCA\u00c7\u00c3O EM TODOS OS PROJETOS E PROGRAMAS FEDERAIS NA \u00c1REA EDUCACIONAL","dataAtualizacao":"2026-04-24 15:15:44","dataPostagem":"2025-11-25 09:00:00","dataRealizacao":"2025-11-13 17:00:00","numeroEdital":0,"numeroProcesso":132,"modalidade":"Dispensa de Licita\u00e7\u00e3o","situacao":"Homologado","descricao":"<strong>CONTRATA&Ccedil;&Atilde;O DE EMPRESA ESPECIALIZADA PARA PRESTA&Ccedil;&Atilde;O DE SERVI&Ccedil;OS DE CONSULTORIA MENSAL COM DIREITO &Agrave; REUNI&Otilde;ES PELO PER&Iacute;ODO DE SEIS MESES DE FORMA REMOTA (VIA E-MAIL\/ZOOM, TELEFONE, WHATSAPP E OUTROS MEIOS DIGITAIS) PARA A SECRETARIA MUNICIPAL DE EDUCA&Ccedil;&Atilde;O EM TODOS OS PROJETOS E PROGRAMAS FEDERAIS NA &Aacute;REA EDUCACIONAL<\/strong>"},{"titulo":"AQUISI\u00c7\u00c3O DE KITS NATALINOS PARA DISTRIBUI\u00c7\u00c3O AOS SERVIDORES MUNICIPAIS COM FULCRO NA LEI MUNICIPAL N\u00ba 1.338\/2025","dataAtualizacao":"2026-04-24 15:17:56","dataPostagem":"2025-11-21 11:00:00","dataRealizacao":"2025-11-13 17:00:00","numeroEdital":0,"numeroProcesso":134,"modalidade":"Dispensa","situacao":"Homologado","descricao":"<a name=\"_Hlk213934510\"><strong>AQUISI&Ccedil;&Atilde;O DE KITS NATALINOS PARA DISTRIBUI&Ccedil;&Atilde;O AOS SERVIDORES MUNICIPAIS COM FULCRO NA LEI MUNICIPAL N&ordm; 1.338\/2025<\/strong><\/a>"},{"titulo":"CONTRATA\u00c7\u00c3O DE EMPRESA ESPECIALIZADA PARA EXECU\u00c7\u00c3O DE PAVIMENTA\u00c7\u00c3O ASF\u00c1LTICA NO POVOADO DE COSTAS NA CIDADE DE CRUCIL\u00c2NDIA\/MG, ATRAVES DO PLANO DE A\u00c7\u00c3O N\u00b009032025-082874","dataAtualizacao":"2026-04-24 15:27:48","dataPostagem":"2025-11-05 14:00:00","dataRealizacao":"2025-10-14 17:00:00","numeroEdital":0,"numeroProcesso":120,"modalidade":"Concorr\u00eancia Eletr\u00f4nica","situacao":"Homologado","descricao":"<strong><span style=\"font-family:times new roman,serif; font-size:11.0pt; mso-ansi-language:PT-BR; mso-bidi-language:AR-SA; mso-fareast-font-family:Calibri; mso-fareast-language:EN-US\">CONTRATA&Ccedil;&Atilde;O DE EMPRESA ESPECIALIZADA PARA EXECU&Ccedil;&Atilde;O DE PAVIMENTA&Ccedil;&Atilde;O ASF&Aacute;LTICA<\/span><span style=\"color:black; font-family:times new roman,serif; font-size:11.0pt; mso-ansi-language:EN-US; mso-bidi-font-weight:bold; mso-bidi-language:AR; mso-fareast-font-family:Helvetica; mso-fareast-language:ZH-CN\"> <\/span><span style=\"font-family:times new roman,serif; font-size:11.0pt; mso-ansi-language:PT-BR; mso-bidi-language:AR-SA; mso-fareast-font-family:Calibri; mso-fareast-language:EN-US\">NO <\/span><span lang=\"EN-US\" style=\"color:black; font-family:times new roman,serif; font-size:11.0pt; mso-ansi-language:EN-US; mso-bidi-font-weight:bold; mso-bidi-language:AR; mso-fareast-font-family:Helvetica; mso-fareast-language:ZH-CN\">POVOADO DE COSTAS NA CIDADE DE CRUCIL&Acirc;NDIA\/MG, ATRAVES DO PLANO DE A&Ccedil;&Atilde;O N&deg;09032025-082874<\/span><\/strong>"},{"titulo":"CONTRATA\u00c7\u00c3O DE EMPRESA ESPECIALIZADA PARA EXECU\u00c7\u00c3O DE PAVIMENTA\u00c7\u00c3O ASF\u00c1LTICA NA ESTRADA RURAL DE ACESSO DO MUNIC\u00cdPIO DE CRUCIL\u00c2NDIA AO POVOADO DE SESMARIAS, REFERENTE AO CONV\u00caNIO N\u00ba 1491001929\/2023","dataAtualizacao":"2026-04-28 10:30:03","dataPostagem":"2025-11-05 09:00:00","dataRealizacao":"2025-10-14 17:00:00","numeroEdital":0,"numeroProcesso":119,"modalidade":"Concorr\u00eancia Eletr\u00f4nica","situacao":"Homologado","descricao":"<strong><span style=\"font-family:times new roman,serif; font-size:11.0pt; mso-ansi-language:PT-BR; mso-bidi-language:AR-SA; mso-fareast-font-family:Calibri; mso-fareast-language:EN-US\">CONTRATA&Ccedil;&Atilde;O DE EMPRESA ESPECIALIZADA PARA EXECU&Ccedil;&Atilde;O DE PAVIMENTA&Ccedil;&Atilde;O ASF&Aacute;LTICA<\/span><span style=\"color:black; font-family:times new roman,serif; font-size:11.0pt; mso-ansi-language:EN-US; mso-bidi-font-weight:bold; mso-bidi-language:AR; mso-fareast-font-family:Helvetica; mso-fareast-language:ZH-CN\"> <\/span><span style=\"font-family:times new roman,serif; font-size:11.0pt; mso-ansi-language:PT-BR; mso-bidi-language:AR-SA; mso-fareast-font-family:Calibri; mso-fareast-language:EN-US\">NA ESTRADA<\/span><span lang=\"EN-US\" style=\"color:black; font-family:times new roman,serif; font-size:11.0pt; mso-ansi-language:EN-US; mso-bidi-font-weight:bold; mso-bidi-language:AR; mso-fareast-font-family:Helvetica; mso-fareast-language:ZH-CN\"> RURAL DE ACESSO DO MUNIC&Iacute;PIO DE CRUCIL&Acirc;NDIA AO POVOADO DE SESMARIAS, REFERENTE AO CONV&Ecirc;NIO N&ordm; 1491001929\/2023<\/span><\/strong>"},{"titulo":"REGISTRO DE PRE\u00c7OS PARA FUTURA E EVENTUAL, AQUISI\u00c7\u00c3O DE MATERIAIS PARA SERRALHERIA, COM VISTAS PARA ATENDER AS SECRETARIAS MUNICIPAIS","dataAtualizacao":"2026-04-17 15:04:53","dataPostagem":"2025-05-05 10:00:00","dataRealizacao":"2025-04-10 17:00:00","numeroEdital":0,"numeroProcesso":47,"modalidade":"Preg\u00e3o Eletr\u00f4nico","situacao":"Homologado","descricao":"<strong>REGISTRO DE PRE&Ccedil;OS PARA FUTURA E EVENTUAL, AQUISI&Ccedil;&Atilde;O DE MATERIAIS PARA SERRALHERIA, COM VISTAS PARA ATENDER AS SECRETARIAS MUNICIPAIS<\/strong>"},{"titulo":"Credenciamento de prestadores de servi\u00e7o para execu\u00e7\u00e3o de servi\u00e7os diversos (calceteiro, eletricista, marceneiro, pedreiro, pintor, rasteleiro, serralheiro, servente, vigia, limpeza de bueiros, limpeza de terrenos, ro\u00e7ada manual) para atender as necessidades das Secretarias Municipais","dataAtualizacao":"2026-04-28 10:06:57","dataPostagem":"2025-01-15 17:00:00","dataRealizacao":"2025-01-15 17:00:00","numeroEdital":0,"numeroProcesso":4,"modalidade":"Chamamento P\u00fablico","situacao":"Homologado","descricao":"<strong><span style=\"font-family:times new roman,serif; font-size:11.0pt; line-height:115%; mso-ansi-language:PT-BR; mso-bidi-language:AR-SA; mso-fareast-font-family:Calibri; mso-fareast-language:EN-US; mso-fareast-theme-font:minor-latin; mso-font-kerning:0pt; mso-ligatures:none\">credenciamento de prestadores de servi&ccedil;o para execu&ccedil;&atilde;o de servi&ccedil;os diversos (calceteiro, eletricista, marceneiro, pedreiro, pintor, rasteleiro, serralheiro, servente, vigia, limpeza de bueiros, limpeza de terrenos, ro&ccedil;ada manual) para atender as necessidades das Secretarias Municipais.<\/span><\/strong>"},{"titulo":"CONTRATA\u00c7\u00c3O DE EMPRESA PARA FORNECIMENTO DE LICEN\u00c7A DE USO DE CONJUNTO INTEGRADO DE APLICA\u00c7\u00d5ES ONLINE PARA A PREFEITURA DE CRUCIL\u00c2NDIA \u2013 MG","dataAtualizacao":"2026-04-17 14:22:47","dataPostagem":"2025-01-14 16:00:00","dataRealizacao":"2025-01-14 16:00:00","numeroEdital":0,"numeroProcesso":6,"modalidade":"Dispensa de Licita\u00e7\u00e3o","situacao":"Homologado","descricao":"<strong>CONTRATA&Ccedil;&Atilde;O DE EMPRESA PARA FORNECIMENTO DE LICEN&Ccedil;A DE USO DE CONJUNTO INTEGRADO DE APLICA&Ccedil;&Otilde;ES ONLINE PARA A PREFEITURA DE CRUCIL&Acirc;NDIA &ndash; MG<\/strong>"},{"titulo":"Contrata\u00e7\u00e3o de show art\u00edstico da cantora Mari Fernandez, para apresenta\u00e7\u00e3o no dia 25\/07\/2026 nas festividades da \u201cXXXIV Festa do Pe\u00e3o e Carro de Boi de Crucil\u00e2ndia\u201d a ser realizado no Parque de Exposi\u00e7\u00f5es em Crucil\u00e2ndia\/MG.","dataAtualizacao":"2026-03-25 15:59:49","dataPostagem":"","dataRealizacao":"2026-03-24 17:00:00","numeroEdital":0,"numeroProcesso":31,"modalidade":"Inexigibilidade","situacao":"Aberto","descricao":"<a name=\"_Hlk198192750\"><span style=\"font-family:bookman old style,serif; font-size:11.0pt; line-height:115%; mso-ansi-language:PT-BR; mso-bidi-font-family:Arial; mso-bidi-language:AR-SA; mso-fareast-font-family:Calibri; mso-fareast-language:EN-US\">Contrata&ccedil;&atilde;o <span style=\"mso-bidi-font-weight:bold\">de show art&iacute;stico da cantora Mari Fernandez, para apresenta&ccedil;&atilde;o no dia 25\/07\/2026 nas festividades da &ldquo;XXXIV Festa do Pe&atilde;o e Carro de Boi de Crucil&acirc;ndia&rdquo; <\/span>a ser realizado no Parque de Exposi&ccedil;&otilde;es em Crucil&acirc;ndia\/MG.<\/span><span style=\"font-family:arial narrow,sans-serif; font-size:11.0pt; line-height:115%; mso-ansi-language:PT-BR; mso-bidi-font-family:Arial; mso-bidi-language:AR-SA; mso-fareast-font-family:Calibri; mso-fareast-language:EN-US\"> <\/span><\/a>"},{"titulo":"credenciamento de cl\u00ednicas veterin\u00e1rias para a presta\u00e7\u00e3o de servi\u00e7os em c\u00e3es e gatos de pequeno porte, m\u00e9dio e grande porte com microchipagem, servi\u00e7o de avalia\u00e7\u00e3o cl\u00ednica e orienta\u00e7\u00f5es dos cuidados pr\u00e9-cir\u00fargicos, pequenas cirurgias e servi\u00e7o de interna\u00e7\u00e3o para p\u00f3s-operat\u00f3rio, exames, servi\u00e7os de resgate e ces\u00e1rea, cujo credenciamento e presta\u00e7\u00e3o de servi\u00e7os dever\u00e3o se dar em ","dataAtualizacao":"2026-03-27 15:40:15","dataPostagem":"","dataRealizacao":"2026-03-26 17:00:00","numeroEdital":0,"numeroProcesso":38,"modalidade":"Credenciamento","situacao":"Aberto","descricao":"<strong><span style=\"font-family:bookman old style,serif; font-size:11.0pt; line-height:115%; mso-ansi-language:PT-BR; mso-bidi-font-family:Arial; mso-bidi-language:AR-SA; mso-fareast-font-family:Calibri; mso-fareast-language:EN-US; mso-fareast-theme-font:minor-latin; mso-font-kerning:0pt; mso-ligatures:none\">credenciamento de cl&iacute;nicas veterin&aacute;rias para a presta&ccedil;&atilde;o de servi&ccedil;os em c&atilde;es e gatos de pequeno porte, m&eacute;dio e grande porte com microchipagem, servi&ccedil;o de avalia&ccedil;&atilde;o cl&iacute;nica e orienta&ccedil;&otilde;es dos cuidados pr&eacute;-cir&uacute;rgicos, pequenas cirurgias e servi&ccedil;o de interna&ccedil;&atilde;o para p&oacute;s-operat&oacute;rio, exames, servi&ccedil;os de resgate e ces&aacute;rea, cujo credenciamento e presta&ccedil;&atilde;o de servi&ccedil;os dever&atilde;o se dar em conformidade com as normas estabelecidas neste edital e seus anexos. Os servi&ccedil;os ser&atilde;o prestados com o objetivo de garantir assist&ecirc;ncia t&eacute;cnica especializada voltada &agrave; promo&ccedil;&atilde;o da sa&uacute;de animal, ao controle sanit&aacute;rio e &agrave; prote&ccedil;&atilde;o da sa&uacute;de p&uacute;blica, em conformidade com as normas legais e sanit&aacute;rias vigentes<\/span><\/strong>"},{"titulo":"contrata\u00e7\u00e3o de show art\u00edstico do cantor Marcelinho de Lima, para apresenta\u00e7\u00e3o no dia 05\/06\/2026 nas festividades da \u201cXX CaipBanda e IV Festival Gastron\u00f4mico de Crucil\u00e2ndia\u201d a ser realizado na Pra\u00e7a Dom Silv\u00e9rio em Crucil\u00e2ndia\/MG","dataAtualizacao":"2026-03-25 16:02:46","dataPostagem":"","dataRealizacao":"2026-03-13 17:00:00","numeroEdital":0,"numeroProcesso":33,"modalidade":"Inexigibilidade","situacao":"Aberto","descricao":"<span style=\"font-family:bookman old style,serif; font-size:11.0pt; line-height:115%; mso-ansi-language:PT-BR; mso-bidi-font-family:Arial; mso-bidi-language:AR-SA; mso-fareast-font-family:Calibri; mso-fareast-language:EN-US\">contrata&ccedil;&atilde;o <span style=\"mso-bidi-font-weight:bold\">de show art&iacute;stico do cantor Marcelinho de Lima, para apresenta&ccedil;&atilde;o no dia 05\/06\/2026 nas festividades da &ldquo;XX CaipBanda e IV Festival Gastron&ocirc;mico de Crucil&acirc;ndia&rdquo; <\/span>a ser realizado na Pra&ccedil;a Dom Silv&eacute;rio em Crucil&acirc;ndia\/MG.<\/span>"},{"titulo":"Contrata\u00e7\u00e3o de show art\u00edstico da cantora Mari Fernandez, para apresenta\u00e7\u00e3o no dia 25\/07\/2026 nas festividades da \u201cXXXIV Festa do Pe\u00e3o e Carro de Boi de Crucil\u00e2ndia\u201d a ser realizado no Parque de Exposi\u00e7\u00f5es em Crucil\u00e2ndia\/MG","dataAtualizacao":"2026-03-25 16:43:52","dataPostagem":"","dataRealizacao":"2026-03-24 17:00:00","numeroEdital":0,"numeroProcesso":31,"modalidade":"Inexigibilidade","situacao":"Aberto","descricao":"<span style=\"font-family:bookman old style,serif; font-size:11.0pt; line-height:115%; mso-ansi-language:PT-BR; mso-bidi-font-family:Arial; mso-bidi-language:AR-SA; mso-fareast-font-family:Calibri; mso-fareast-language:EN-US\">Contrata&ccedil;&atilde;o <span style=\"mso-bidi-font-weight:bold\">de show art&iacute;stico da cantora Mari Fernandez, para apresenta&ccedil;&atilde;o no dia 25\/07\/2026 nas festividades da &ldquo;XXXIV Festa do Pe&atilde;o e Carro de Boi de Crucil&acirc;ndia&rdquo; <\/span>a ser realizado no Parque de Exposi&ccedil;&otilde;es em Crucil&acirc;ndia\/MG<\/span>"},{"titulo":"Contrata\u00e7\u00e3o de show art\u00edstico do cantor Filipe Ret, para apresenta\u00e7\u00e3o no dia 06\/06\/2026 nas festividades da \u201cXX CaipBanda e IV Festival Gastron\u00f4mico de Crucil\u00e2ndia\u201d a ser realizado na Pra\u00e7a Dom Silv\u00e9rio em Crucil\u00e2ndia\/MG","dataAtualizacao":"2026-03-25 16:04:04","dataPostagem":"","dataRealizacao":"2026-03-24 17:00:00","numeroEdital":0,"numeroProcesso":34,"modalidade":"Inexigibilidade","situacao":"Aberto","descricao":"<span style=\"font-family:bookman old style,serif; font-size:11.0pt; line-height:115%; mso-ansi-language:PT-BR; mso-bidi-font-family:Arial; mso-bidi-language:AR-SA; mso-fareast-font-family:Calibri; mso-fareast-language:EN-US\">Contrata&ccedil;&atilde;o <span style=\"mso-bidi-font-weight:bold\">de show art&iacute;stico do cantor Filipe Ret, para apresenta&ccedil;&atilde;o no dia 06\/06\/2026 nas festividades da &ldquo;XX CaipBanda e IV Festival Gastron&ocirc;mico de Crucil&acirc;ndia&rdquo; <\/span>a ser realizado na Pra&ccedil;a Dom Silv&eacute;rio em Crucil&acirc;ndia\/MG<\/span>"},{"titulo":"Contrata\u00e7\u00e3o de show art\u00edstico do cantor Filipe Ret, para apresenta\u00e7\u00e3o no dia 06\/06\/2026 nas festividades da \u201cXX CaipBanda e IV Festival Gastron\u00f4mico de Crucil\u00e2ndia\u201d a ser realizado na Pra\u00e7a Dom Silv\u00e9rio em Crucil\u00e2ndia\/MG","dataAtualizacao":"2026-03-25 16:16:19","dataPostagem":"","dataRealizacao":"2026-03-24 17:00:00","numeroEdital":0,"numeroProcesso":11,"modalidade":"Inexigibilidade","situacao":"Aberto","descricao":"<span style=\"font-family:bookman old style,serif; font-size:11.0pt; line-height:115%; mso-ansi-language:PT-BR; mso-bidi-font-family:Arial; mso-bidi-language:AR-SA; mso-fareast-font-family:Calibri; mso-fareast-language:EN-US\">Contrata&ccedil;&atilde;o <span style=\"mso-bidi-font-weight:bold\">de show art&iacute;stico do cantor Filipe Ret, para apresenta&ccedil;&atilde;o no dia 06\/06\/2026 nas festividades da &ldquo;XX CaipBanda e IV Festival Gastron&ocirc;mico de Crucil&acirc;ndia&rdquo; <\/span>a ser realizado na Pra&ccedil;a Dom Silv&eacute;rio em Crucil&acirc;ndia\/MG<\/span>"}]}